{"id":1177,"date":"2026-04-28T06:01:19","date_gmt":"2026-04-28T06:01:19","guid":{"rendered":"https:\/\/glennruscoe.physio\/newswebsite2\/2026\/04\/28\/apresentamos-os-representantes-do-pedro\/"},"modified":"2026-04-28T06:01:19","modified_gmt":"2026-04-28T06:01:19","slug":"apresentamos-os-representantes-do-pedro","status":"publish","type":"post","link":"https:\/\/glennruscoe.physio\/newswebsite2\/2026\/04\/28\/apresentamos-os-representantes-do-pedro\/","title":{"rendered":"Apresentamos os Representantes do PEDro!"},"content":{"rendered":"<div class=\"wprt-container\">\n<div class=\"ewa-rteLine\">Temos o prazer de anunciar os Representantes do PEDro, um grupo global de colaboradores que lutar\u00e3o para ajudar fortalecer as conex\u00f5es entre o PEDro e as comunidades de fisioterapia em todo o mundo. Ao longo deste m\u00eas, divulgaremos os representantes da PEDro para cada regi\u00e3o.<\/div>\n<div class=\"ewa-rteLine\"><\/div>\n<div class=\"ewa-rteLine\">Os Representantes do PEDro desempenhar\u00e3o um papel importante em:<\/div>\n<p>Promover o PEDro em eventos, reuni\u00f5es e confer\u00eancias profissionais<br \/>\nAumentar o conhecimento sobre o PEDro nas comunidades nacionais de fisioterapia<br \/>\nDefender parcerias e apoio junto a organiza\u00e7\u00f5es de fisioterapia e outros potenciais financiadores<br \/>\nAjudar a garantir a sustentabilidade a longo prazo do PEDro<\/p>\n<div class=\"ewa-rteLine\">Estamos entusiasmados em trabalhar com esta rede de colaboradores apaixonados para fortalecermos a fisioterapia baseada em evid\u00eancias globalmente.<\/div>\n<\/div>\n<p>The post <a href=\"https:\/\/pedro.org.au\/portuguese\/representantes-do-pedro\/apresentamos-os-representantes-do-pedro\/\">Apresentamos os Representantes do PEDro!<\/a> appeared first on <a href=\"https:\/\/pedro.org.au\/\">PEDro<\/a>.<\/p>","protected":false},"excerpt":{"rendered":"<p>Temos o prazer de anunciar os Representantes do PEDro, um grupo global de colaboradores que lutar\u00e3o para ajudar fortalecer as conex\u00f5es entre o PEDro e as comunidades de fisioterapia em todo o mundo. Ao longo deste m\u00eas, divulgaremos os representantes&#8230;<\/p>\n","protected":false},"author":0,"featured_media":0,"comment_status":"open","ping_status":"open","sticky":false,"template":"","format":"standard","meta":{"_themeisle_gutenberg_block_has_review":false,"_ti_tpc_template_sync":false,"_ti_tpc_template_id":"","footnotes":""},"categories":[2],"tags":[],"class_list":["post-1177","post","type-post","status-publish","format-standard","hentry","category-physio"],"_links":{"self":[{"href":"https:\/\/glennruscoe.physio\/newswebsite2\/wp-json\/wp\/v2\/posts\/1177","targetHints":{"allow":["GET"]}}],"collection":[{"href":"https:\/\/glennruscoe.physio\/newswebsite2\/wp-json\/wp\/v2\/posts"}],"about":[{"href":"https:\/\/glennruscoe.physio\/newswebsite2\/wp-json\/wp\/v2\/types\/post"}],"replies":[{"embeddable":true,"href":"https:\/\/glennruscoe.physio\/newswebsite2\/wp-json\/wp\/v2\/comments?post=1177"}],"version-history":[{"count":0,"href":"https:\/\/glennruscoe.physio\/newswebsite2\/wp-json\/wp\/v2\/posts\/1177\/revisions"}],"wp:attachment":[{"href":"https:\/\/glennruscoe.physio\/newswebsite2\/wp-json\/wp\/v2\/media?parent=1177"}],"wp:term":[{"taxonomy":"category","embeddable":true,"href":"https:\/\/glennruscoe.physio\/newswebsite2\/wp-json\/wp\/v2\/categories?post=1177"},{"taxonomy":"post_tag","embeddable":true,"href":"https:\/\/glennruscoe.physio\/newswebsite2\/wp-json\/wp\/v2\/tags?post=1177"}],"curies":[{"name":"wp","href":"https:\/\/api.w.org\/{rel}","templated":true}]}}